{"id":2222,"date":"2022-02-08T14:17:41","date_gmt":"2022-02-08T14:17:41","guid":{"rendered":"https:\/\/dev.kzdanaiden.nl\/blog\/?p=2222"},"modified":"2022-02-08T14:21:08","modified_gmt":"2022-02-08T14:21:08","slug":"programma-cdef-6","status":"publish","type":"post","link":"https:\/\/dev.kzdanaiden.nl\/blog\/aanschrijvingen\/programma-cdef-6\/","title":{"rendered":"Programma CDEF week 6"},"content":{"rendered":"\n<p><strong>zaaluitslagen jeugd (CDEF) week 05 (31 jan t\/m 6 feb )<\/strong><br><br>Za 05 Feb KZ Dana\u00efden C1 &#8211; Madjoe C1\u00a0\u00a0\u00a0\u00a0\u00a0\u00a0\u00a0\u00a0\u00a0\u00a0\u00a0\u00a0\u00a0\u00a0\u00a0\u00a0\u00a0\u00a0\u00a0\u00a0 17-8<br>Za 05 Feb KZ Dana\u00efden C2 &#8211; KIOS (N) C3\u00a0\u00a0\u00a0\u00a0\u00a0\u00a0\u00a0\u00a0\u00a0\u00a0\u00a0\u00a0\u00a0\u00a0\u00a0\u00a0\u00a0 7-7<br>Za 05 Feb De Meervogels D2 &#8211; KZ Dana\u00efden D1\u00a0\u00a0\u00a0\u00a0\u00a0\u00a0\u00a0 4-5<br>Za 05 Feb KZ Dana\u00efden E1 &#8211; Tempo E1\u00a0\u00a0\u00a0\u00a0\u00a0\u00a0\u00a0\u00a0\u00a0\u00a0\u00a0\u00a0\u00a0\u00a0\u00a0\u00a0\u00a0\u00a0\u00a0\u00a0\u00a0 10-9\u00a0 \u00a0strafw 5-4<br>Za 05 Feb KZ Dana\u00efden E2 &#8211; Pernix E4\u00a0\u00a0\u00a0\u00a0\u00a0\u00a0\u00a0\u00a0\u00a0\u00a0\u00a0\u00a0\u00a0\u00a0\u00a0\u00a0\u00a0\u00a0\u00a0\u00a0\u00a0\u00a0 10-12 strafw 3-1<br>Za 05 Feb KZ Dana\u00efden F1 &#8211; Fiks F1\u00a0\u00a0\u00a0\u00a0\u00a0\u00a0\u00a0\u00a0\u00a0\u00a0\u00a0\u00a0\u00a0\u00a0\u00a0\u00a0\u00a0\u00a0\u00a0\u00a0\u00a0\u00a0\u00a0\u00a0\u00a0\u00a0 4-15\u00a0 strafw 3-3<br><br><strong>zaalprogramma jeugd (CDEF) week 06 (7 feb t\/m 13 feb )<\/strong><br><br>Za 12 Feb 14:40 Tempo C3 &#8211; KZ Dana\u00efden C2<br>Za 12 Feb 10:00 KZ Dana\u00efden D1 &#8211; Madjoe D1<br>Za 12 Feb 10:00 Velocitas E1 &#8211; KZ Dana\u00efden E1<br>Za 12 Feb 10:00 Tempo E2 &#8211; KZ Dana\u00efden E2<br>Za 12 Feb 10:00 Velocitas F1 &#8211; KZ Dana\u00efden F1<br>Wo 09 Feb 17:10 Pernix F4 &#8211; KZ Dana\u00efden F2<br>Za 12 Feb 11:00 KZ Dana\u00efden F2 &#8211; Tempo F3<br><br><strong>zaalprogramma jeugd (CDEF) week 06 (7 feb t\/m 13 feb )<\/strong><br><br><strong>Tempo C3 &#8211; KZ Dana\u00efden C2<\/strong><br><strong>Aanvang:<\/strong> Za 12 Feb 14:40 uur<br><strong>Accommodatie:<\/strong> Limeshallen<br><strong>Verzamelen:<\/strong> 13.10 uur op het veld<br><strong>Dames:<\/strong> Britt, Lisanne, Jaylin, Vivienne\u00a0\u00a0 <strong>Res \u00a0Jildou<\/strong><br><strong>Heren:<\/strong> Nils, Mitch, Mark, Gido \u00a0\u00a0<strong>Res \u00a0\u00a0Jelle<\/strong><br><strong>Coaches:<\/strong> Dianne, Bertrand<br><strong>Teamouder : <\/strong>Tineke\u00a0 , moeder van Britt<br><br><strong>KZ Dana\u00efden D1 &#8211; Madjoe D1<\/strong><br><strong>Aanvang:<\/strong> Za 12 Feb 10:00 uur<br><strong>Accommodatie:<\/strong> Basalt<br><strong>Verzamelen:<\/strong> 9.30 \u00a0uur in de hal<br><strong>Dames:<\/strong> Anniek, Jasmijn, Jildou<br><strong>Heren:<\/strong> Lex, Mathijs, Jelle, Pepijn, Keano. Kazmer, Daniel, Milan, Kobe<br><strong>Coaches:<\/strong> Fenna, Jaimy, Tim K<br><strong>Teamouder :\u00a0 <\/strong>Shirley\u00a0 , moeder van Pepijn<br><strong>Zaalwacht:<\/strong> <strong>ouder van Keano<\/strong><\/p>\n\n\n\n<p><strong>Bijzonderheden : Jildou en Jelle res C2<\/strong><br><br><strong>Velocitas E1 &#8211; KZ Dana\u00efden E1<\/strong><br><strong>Aanvang:<\/strong> Za 12 Feb 10:00 uur<br><strong>Accommodatie:<\/strong> De Does<br><strong>Verzamelen:<\/strong> 9.30 uur in de Does<br><strong>Dames:<\/strong> Phileine, Saar<br><strong>Heren:<\/strong> Senna, Kik, Quinten<br><strong>Coaches:<\/strong> Lori, Tessa, Femke, Rens<br><br><strong>Tempo E2 &#8211; KZ Dana\u00efden E2<\/strong><br><strong>Aanvang:<\/strong> Za 12 Feb 10:00 uur<br><strong>Accommodatie:<\/strong> Limeshallen<br><strong>Verzamelen:<\/strong> \u00a09.00 uur op het veld<br><strong>Dames:<\/strong> Tess<br><strong>Heren:<\/strong> Liam, Noud, Luc, Tim<br><strong>Coaches:<\/strong> Julia, Donna, Benthe<br><br><strong>Velocitas F1 &#8211; KZ Dana\u00efden F1<\/strong><br><strong>Aanvang:<\/strong> Za 12 Feb 10:00 uur<br><strong>Accommodatie:<\/strong> De Does<br><strong>Verzamelen:<\/strong><br><strong>Dames:<\/strong> Sofie, Fay, Sara, Fiene, Lise<br><strong>Coach:<\/strong> Feline, Lars, Tessa R<br><strong>Bijzonderheden : Sofie woensdag bij de F2, Fiene zaterdag bij de F2<\/strong><br><br><strong>Pernix F4 &#8211; KZ Dana\u00efden F2<\/strong><br><strong>Aanvang:<\/strong> <strong>Wo 09 Feb 17:10 uur<\/strong><br><strong>Accommodatie:<\/strong> De Zijl<br><strong>Verzamelen:<\/strong> 16.45 uur in de hal<br><strong>Dames:<\/strong> Juli\u00ebt, Sterre, Lisa, Hedwig , <strong>Sofie<\/strong><br><strong>Coach:<\/strong> Lars, Feline, Tessa R<br><br><strong>KZ Dana\u00efden F2 &#8211; Tempo F3<\/strong><br><strong>Aanvang:<\/strong> Za 12 Feb 11:00 uur<br><strong>Accommodatie:<\/strong> \u00a03 Octoberhal !!!!<br><strong>Verzamelen:<\/strong> 10.30 uur in de hal<br><strong>Dames:<\/strong> Juli\u00ebt, Sterre, Lisa, Hedwig , <strong>Fiene<\/strong><br><strong>Coach:<\/strong> Lars, Feline, Tessa R<br><br><strong>zaalprogramma jeugd (CDEF) week 07 (14 feb t\/m 20 feb )<\/strong><br><br>Za 19 Feb 13:00 KZ Dana\u00efden C1 &#8211; Telstar\/Schoonderbeek C1<br>Za 19 Feb 16:20 TOP\/LITTA C6 &#8211; KZ Dana\u00efden C2<br>Za 19 Feb 11:00 KZ Dana\u00efden D1 &#8211; Korbis D4<br>Za 19 Feb 11:00 Fiks E1 &#8211; KZ Dana\u00efden E1<br>Za 19 Feb 09:00 TOP\/LITTA E5 &#8211; KZ Dana\u00efden E2<br>Za 19 Feb 10:00 KZ Dana\u00efden F2 &#8211; TOP\/LITTA F4<\/p>\n","protected":false},"excerpt":{"rendered":"<p>zaaluitslagen jeugd (CDEF) week 05 (31 jan t\/m 6 feb ) Za 05 Feb KZ Dana\u00efden C1 &#8211; Madjoe C1\u00a0\u00a0\u00a0\u00a0\u00a0\u00a0\u00a0\u00a0\u00a0\u00a0\u00a0\u00a0\u00a0\u00a0\u00a0\u00a0\u00a0\u00a0\u00a0\u00a0 17-8Za 05 Feb KZ Dana\u00efden C2 &#8211; KIOS (N) C3\u00a0\u00a0\u00a0\u00a0\u00a0\u00a0\u00a0\u00a0\u00a0\u00a0\u00a0\u00a0\u00a0\u00a0\u00a0\u00a0\u00a0 7-7Za 05 Feb De Meervogels D2 &#8211; KZ Dana\u00efden D1\u00a0\u00a0\u00a0\u00a0\u00a0\u00a0\u00a0 4-5Za 05 Feb KZ Dana\u00efden E1 &#8211; Tempo E1\u00a0\u00a0\u00a0\u00a0\u00a0\u00a0\u00a0\u00a0\u00a0\u00a0\u00a0\u00a0\u00a0\u00a0\u00a0\u00a0\u00a0\u00a0\u00a0\u00a0\u00a0 10-9\u00a0 \u00a0strafw 5-4Za 05 Feb KZ &hellip;<\/p>\n<p class=\"read-more\"> <a class=\"\" href=\"https:\/\/dev.kzdanaiden.nl\/blog\/aanschrijvingen\/programma-cdef-6\/\"> <span class=\"screen-reader-text\">Programma CDEF week 6<\/span> Lees meer &raquo;<\/a><\/p>\n","protected":false},"author":1,"featured_media":1051,"comment_status":"closed","ping_status":"closed","sticky":false,"template":"","format":"standard","meta":{"site-sidebar-layout":"default","site-content-layout":"","ast-site-content-layout":"","site-content-style":"default","site-sidebar-style":"default","ast-global-header-display":"","ast-banner-title-visibility":"","ast-main-header-display":"","ast-hfb-above-header-display":"","ast-hfb-below-header-display":"","ast-hfb-mobile-header-display":"","site-post-title":"","ast-breadcrumbs-content":"","ast-featured-img":"","footer-sml-layout":"","theme-transparent-header-meta":"","adv-header-id-meta":"","stick-header-meta":"","header-above-stick-meta":"","header-main-stick-meta":"","header-below-stick-meta":"","astra-migrate-meta-layouts":""},"categories":[24],"tags":[],"_links":{"self":[{"href":"https:\/\/dev.kzdanaiden.nl\/blog\/wp-json\/wp\/v2\/posts\/2222"}],"collection":[{"href":"https:\/\/dev.kzdanaiden.nl\/blog\/wp-json\/wp\/v2\/posts"}],"about":[{"href":"https:\/\/dev.kzdanaiden.nl\/blog\/wp-json\/wp\/v2\/types\/post"}],"author":[{"embeddable":true,"href":"https:\/\/dev.kzdanaiden.nl\/blog\/wp-json\/wp\/v2\/users\/1"}],"replies":[{"embeddable":true,"href":"https:\/\/dev.kzdanaiden.nl\/blog\/wp-json\/wp\/v2\/comments?post=2222"}],"version-history":[{"count":2,"href":"https:\/\/dev.kzdanaiden.nl\/blog\/wp-json\/wp\/v2\/posts\/2222\/revisions"}],"predecessor-version":[{"id":2227,"href":"https:\/\/dev.kzdanaiden.nl\/blog\/wp-json\/wp\/v2\/posts\/2222\/revisions\/2227"}],"wp:featuredmedia":[{"embeddable":true,"href":"https:\/\/dev.kzdanaiden.nl\/blog\/wp-json\/wp\/v2\/media\/1051"}],"wp:attachment":[{"href":"https:\/\/dev.kzdanaiden.nl\/blog\/wp-json\/wp\/v2\/media?parent=2222"}],"wp:term":[{"taxonomy":"category","embeddable":true,"href":"https:\/\/dev.kzdanaiden.nl\/blog\/wp-json\/wp\/v2\/categories?post=2222"},{"taxonomy":"post_tag","embeddable":true,"href":"https:\/\/dev.kzdanaiden.nl\/blog\/wp-json\/wp\/v2\/tags?post=2222"}],"curies":[{"name":"wp","href":"https:\/\/api.w.org\/{rel}","templated":true}]}}