{"id":2224,"date":"2022-02-08T14:20:17","date_gmt":"2022-02-08T14:20:17","guid":{"rendered":"https:\/\/dev.kzdanaiden.nl\/blog\/?p=2224"},"modified":"2022-02-08T14:20:58","modified_gmt":"2022-02-08T14:20:58","slug":"programma-ab-6","status":"publish","type":"post","link":"https:\/\/dev.kzdanaiden.nl\/blog\/aanschrijvingen\/programma-ab-6\/","title":{"rendered":"Programma AB week 6"},"content":{"rendered":"\n<p><br><strong>zaaluitslagen jeugd (AB) week 05 (31 jan t\/m 6 feb )<\/strong><br><br>Za 05 Feb KIOS (N) A1 &#8211; KZ Dana\u00efden A1\u00a0\u00a0\u00a0\u00a0 10-23<br>Za 05 Feb KZ Dana\u00efden A2 &#8211; KIOS (N) A2\u00a0\u00a0\u00a0\u00a0\u00a0 15-4<br>Za 05 Feb KIOS (N) A3 &#8211; KZ Dana\u00efden A3\u00a0\u00a0\u00a0\u00a0\u00a0\u00a0\u00a0 8-8<br>Za 05 Feb Refleks B1 &#8211; KZ Dana\u00efden B1\u00a0\u00a0\u00a0\u00a0\u00a0\u00a0 20-12<br>Za 05 Feb VEO B2 &#8211; KZ Dana\u00efden B2 \u00a0\u00a0\u00a0\u00a0\u00a0\u00a0\u00a0\u00a0\u00a0\u00a0\u00a0\u00a04-11<br><br><strong>zaalprogramma jeugd (AB) week 06 (7 feb t\/m 13 feb )<\/strong><br><br>Za 12 Feb 13:05 KZ Dana\u00efden A1 &#8211; Achilles (Hg) A1<br>Za 12 Feb 13:30 VZOD A1 &#8211; KZ Dana\u00efden A2<br>Za 12 Feb 12:00 KZ Dana\u00efden A3 &#8211; Pernix A4<br>Za 12 Feb 12:00 KZ Dana\u00efden B1 &#8211; KVS\/Maritiem B1<br>Za 12 Feb 11:00 KZ Dana\u00efden B2 &#8211; Avanti\/Post Makelaardij B5<br><br><strong>zaalprogramma jeugd (AB) week 06 (7 feb t\/m 13 feb )<\/strong><br><br><strong>KZ Dana\u00efden A1 &#8211; Achilles (Hg) A1<\/strong><br><strong>Aanvang:<\/strong> Za 12 Feb 13:05 uur<br><strong>Accommodatie:<\/strong> <strong>3 Octoberhal<\/strong> \u00a0<strong>!!!!!<\/strong><br><strong>Verzamelen:<\/strong> 12.15 uur in de hal<br><strong>Dames:<\/strong> Fleur, Donna, Benthe, Milou, <strong>Res w.a.<\/strong><br><strong>Heren:<\/strong> Davy, Roy, Lars vd B, Sylvan, <strong>Res Michiel<\/strong><br><strong>Coaches:<\/strong> Ferdy, Joey<br><strong>Zaalwacht: ouder van <\/strong>\u00a0<strong>Sylvan<\/strong><br><br><strong>VZOD A1 &#8211; KZ Dana\u00efden A2\u00a0 spelen in zwarte \/oranje \u00a0Shirts !!!!<\/strong><br><strong>Aanvang:<\/strong> Za 12 Feb 13:30 uur<br><strong>Accommodatie:<\/strong> Proosdijhal<br><strong>Verzamelen:<\/strong> 12.15 uur op het veld<br><strong>Dames:<\/strong> Fien, Feline, Femke K, Anna, Judith<br><strong>Heren:<\/strong> Stan, Moos, Ids, Stijn, Tom<br><strong>Coaches:<\/strong> Stef<br><br><strong>KZ Dana\u00efden A3 &#8211; Pernix A4<\/strong><br><strong>Aanvang:<\/strong> Za 12 Feb 12:00 uur<br><strong>Accommodatie:<\/strong> Basalt<br><strong>Verzamelen:<\/strong> 11.15 uur in de hal<br><strong>Dames:<\/strong> Juul, D\u00fcnya, Anne v V , Sacha, Lawien, Tessa, Zerrin<br><strong>Heren:<\/strong> Rens, Stefano, <strong>Henk<\/strong><br><strong>Coaches:<\/strong> Demi, Mairin, Hans<br><strong>Zaalwacht: ouder van Juul<\/strong><br><br><strong>KZ Dana\u00efden B1 &#8211; KVS\/Maritiem B1<\/strong><br><strong>Aanvang:<\/strong> Za 12 Feb 12:00 uur<br><strong>Accommodatie:<\/strong> <strong>3 Octoberhal!!<\/strong><br><strong>Verzamelen:<\/strong> 11.15<br><strong>Dames:<\/strong> Jill, Jasmine, Anne K, Fenne, Vienne, <strong>Res Naomi<\/strong><br><strong>Heren:<\/strong> Michiel, Ralph, Daan, Bo, Thorsten, <strong>Res Lars de W<\/strong><br><strong>Coaches:<\/strong> Ilva, Jara, Nina<br><strong>Teamouders: <\/strong>Onno en Saskia, ouders van Bo<br><strong>Zaalwacht: ouder van Ralph<\/strong><br><br><strong>KZ Dana\u00efden B2 &#8211; Avanti\/Post Makelaardij B5<\/strong><br><strong>Aanvang:<\/strong> Za 12 Feb 11:00 uur<br><strong>Accommodatie:<\/strong> Basalt<br><strong>Verzamelen:<\/strong> 10.15 uur in de hal<br><strong>Dames:<\/strong> Naomi, Nienke, Niamh, Faye, Semm<br><strong>Heren:<\/strong> Henk, Koen, Lars de W, Jente, Sven<br><strong>Coach:<\/strong> Denise, Daphne<br><strong>Teamouder: <\/strong>Onno, vader van Semm<br><strong>Zaalwacht:<\/strong> <strong>ouder van Niamh<\/strong><br><strong>Bijzonderheden : Naomi en Lars res B1<\/strong>, <strong>Henk bij de A3<\/strong><br><br><strong>zaalprogramma jeugd (AB) week 07 (14 feb t\/m 20 feb )<\/strong><br><br>Za 19 Feb 17:45 Tempo A2 &#8211; KZ Dana\u00efden A1<br>Za 19 Feb 13:00 Fiks A2 &#8211; KZ Dana\u00efden A2<br>Za 19 Feb 13:55 Avanti\/Post Makelaardij B2 &#8211; KZ Dana\u00efden B1<br>Za 19 Feb 12:00 KZ Dana\u00efden B2 &#8211; Fluks B1<\/p>\n","protected":false},"excerpt":{"rendered":"<p>zaaluitslagen jeugd (AB) week 05 (31 jan t\/m 6 feb ) Za 05 Feb KIOS (N) A1 &#8211; KZ Dana\u00efden A1\u00a0\u00a0\u00a0\u00a0 10-23Za 05 Feb KZ Dana\u00efden A2 &#8211; KIOS (N) A2\u00a0\u00a0\u00a0\u00a0\u00a0 15-4Za 05 Feb KIOS (N) A3 &#8211; KZ Dana\u00efden A3\u00a0\u00a0\u00a0\u00a0\u00a0\u00a0\u00a0 8-8Za 05 Feb Refleks B1 &#8211; KZ Dana\u00efden B1\u00a0\u00a0\u00a0\u00a0\u00a0\u00a0 20-12Za 05 Feb VEO B2 &hellip;<\/p>\n<p class=\"read-more\"> <a class=\"\" href=\"https:\/\/dev.kzdanaiden.nl\/blog\/aanschrijvingen\/programma-ab-6\/\"> <span class=\"screen-reader-text\">Programma AB week 6<\/span> Lees meer &raquo;<\/a><\/p>\n","protected":false},"author":1,"featured_media":1049,"comment_status":"closed","ping_status":"closed","sticky":false,"template":"","format":"standard","meta":{"site-sidebar-layout":"default","site-content-layout":"","ast-site-content-layout":"","site-content-style":"default","site-sidebar-style":"default","ast-global-header-display":"","ast-banner-title-visibility":"","ast-main-header-display":"","ast-hfb-above-header-display":"","ast-hfb-below-header-display":"","ast-hfb-mobile-header-display":"","site-post-title":"","ast-breadcrumbs-content":"","ast-featured-img":"","footer-sml-layout":"","theme-transparent-header-meta":"","adv-header-id-meta":"","stick-header-meta":"","header-above-stick-meta":"","header-main-stick-meta":"","header-below-stick-meta":"","astra-migrate-meta-layouts":""},"categories":[24],"tags":[],"_links":{"self":[{"href":"https:\/\/dev.kzdanaiden.nl\/blog\/wp-json\/wp\/v2\/posts\/2224"}],"collection":[{"href":"https:\/\/dev.kzdanaiden.nl\/blog\/wp-json\/wp\/v2\/posts"}],"about":[{"href":"https:\/\/dev.kzdanaiden.nl\/blog\/wp-json\/wp\/v2\/types\/post"}],"author":[{"embeddable":true,"href":"https:\/\/dev.kzdanaiden.nl\/blog\/wp-json\/wp\/v2\/users\/1"}],"replies":[{"embeddable":true,"href":"https:\/\/dev.kzdanaiden.nl\/blog\/wp-json\/wp\/v2\/comments?post=2224"}],"version-history":[{"count":2,"href":"https:\/\/dev.kzdanaiden.nl\/blog\/wp-json\/wp\/v2\/posts\/2224\/revisions"}],"predecessor-version":[{"id":2226,"href":"https:\/\/dev.kzdanaiden.nl\/blog\/wp-json\/wp\/v2\/posts\/2224\/revisions\/2226"}],"wp:featuredmedia":[{"embeddable":true,"href":"https:\/\/dev.kzdanaiden.nl\/blog\/wp-json\/wp\/v2\/media\/1049"}],"wp:attachment":[{"href":"https:\/\/dev.kzdanaiden.nl\/blog\/wp-json\/wp\/v2\/media?parent=2224"}],"wp:term":[{"taxonomy":"category","embeddable":true,"href":"https:\/\/dev.kzdanaiden.nl\/blog\/wp-json\/wp\/v2\/categories?post=2224"},{"taxonomy":"post_tag","embeddable":true,"href":"https:\/\/dev.kzdanaiden.nl\/blog\/wp-json\/wp\/v2\/tags?post=2224"}],"curies":[{"name":"wp","href":"https:\/\/api.w.org\/{rel}","templated":true}]}}